{"id":441,"date":"2014-03-07T16:55:19","date_gmt":"2014-03-07T15:55:19","guid":{"rendered":"http:\/\/slpcup.gt132.de\/?p=441"},"modified":"2014-03-07T16:55:49","modified_gmt":"2014-03-07T15:55:49","slug":"slp-cup-mitte-erster-lauf-im-highway-star-am-15-03-vorbericht","status":"publish","type":"post","link":"https:\/\/slpcup.gt132.de\/?p=441","title":{"rendered":"SLP-Cup Mitte &#8211; erster Lauf im Highway Star am 15.03. &#8211; Vorbericht"},"content":{"rendered":"<p>Das verflixte siebte Jahr?<\/p>\n<p>Tats\u00e4chlich j\u00e4hrt sich 2014 der Start der SLP-Cup-Saison im Highway Star zum siebten Mal &#8211; und aller Voraussicht nach d\u00fcrfen wir uns wieder auf h\u00f6chst spannende Rennen freuen! Die Anmeldezahlen haben sich seit 2012 auf hohem Niveau stabilisiert, und auch die Cupperer selbst verbessern sich mit jeder Saison \u2013 nun ja, fast alle &#8230;<\/p>\n<p>In diesem Jahr wird der Kampf um den Gesamtsieg um ein neues Element bereichert \u2013 Titelverteidiger Joachim will es sich selbst nicht zu leicht und uns anderen nicht zu schwer machen und pausiert deshalb in Filderstadt. Weitere anwesende Titelaspiranten (und davon gibt es ca. ein halbes Dutzend) haben also die Gelegenheit, ordentlich vorzulegen&#8230;<\/p>\n<p>Allerdings kann man davon ausgehen, dass sich \u2013 tendenziell der Entwicklung in der Bundesliga folgend \u2013 die echten Fights und Dramen hinter der Spitze abspielen werden. Die Ergebnisse der letzten Rennen der 2013er Saison zeigten schon, dass die Noch-Challenge-Fahrer mit Macht in Richtung Top 10 dr\u00e4ngen, und die \u201eEtablierten\u201c sich in diesem Jahr ordentlich anstrengen m\u00fcssen, um die lieb gewonnenen Positionen &lt; 10 zu halten. Zus\u00e4tzlich gehen mit Bob, Angelo, Fritz und Ge-heim-Favorit Tom vier Fahrer an den Start, denen an guten Tagen alles und an schlechten Tagen noch mehr zuzutrauen ist. Wir werden es erleben \u2026\u00a0\ud83d\ude09<\/p>\n<p>Spannend wird auch wieder es in der Challengewertung. Wird sich Mike in diesem Jahr endlich durchsetzen, oder plant er so lang Challenge zu fahren, bis er endlich f\u00fcr die \u00dc60-Wertung qualifiziert ist :dafur: ? Werden Olli, Christian, Ingo und R\u00fcdiger es schaffen, in die Fu\u00dfstapfen des Challenge-Dominators Wolfgang zu treten? Holen Manfred, Andreas, Lucien oder Pasquale endlich auch mal einen Challenge-Pokal? Was machen die Challenge-Neulinge Rainer und Sven? Und werden Thomas und Ronja die Spiele gegen Real und Bayern verkraftet haben und die Schalker Farben auf dem Track w\u00fcrdig vertreten? Fragen \u00fcber Fragen.<\/p>\n<p>Au\u00dferdem \u2013 nicht zu vergessen &#8211; gibt\u2019s nat\u00fcrlich auch wieder eine Jugendwertung. Mit Ronja, Ivo, Jacques, Jan und Niclas sind f\u00fcnf \u201eJungcupperer\u201c am Start :sensation: . Vier davon werden versuchen, Jan den Titel abzunehmen, und Jan wird \u2013 nat\u00fcrlich \u2013 genau das verhindern wollen. F\u00fcr Spannung ist gesorgt, zumal alle f\u00fcnf auch in der Challengewertung den ein oder anderen Pott holen k\u00f6nnen.<\/p>\n<p>Damit nicht genug gibt\u2018s in diesem Jahr erstmalig eine \u201eBest of Season\u201c Wertung. Gesponsort von Nikdraw (Danke!) wird am Ende der Saison der Erbauer des sch\u00f6nsten 962er gek\u00fcrt. Dem Vernehmen nach hat allein die Ank\u00fcndigung schon f\u00fcr hektische Baut\u00e4tigkeit gesorgt \u2013 mal schauen, was so kommt.<\/p>\n<p>Wichtig au\u00dferdem \u2013 der Motorenpool wurde inzwischen komplett durchgemessen und um weitere Motoren erg\u00e4nzt (danke Joachim, danke Martin!), die Kr\u00f6ten sind aussortiert. Alle Motoren sind mit neuen Ritzeln versehen, alle Kabel sind neu verl\u00f6tet. L\u00e4nger geworden sind die Kabel dadurch nicht, also seid nicht zu sparsam, was die Verkabelung am Leitkiel angeht.<\/p>\n<p>Los geht\u2019s am Freitag dem 14.03. gegen 18.00 mit dem Training &#8211; und am Samstag ab 8.00 werden die Motoren im Highway Star dr\u00f6hnen. Wir freuen uns auf eine sch\u00f6ne Saison 2014 und w\u00fcnschen allen eine gute Anreise!<\/p>\n<p>Bis dahin, alles Gute &#8211; und vergesst nicht, Euch anzumelden :-)!<\/p>\n<p>Michael<\/p>\n","protected":false},"excerpt":{"rendered":"<p>Das verflixte siebte Jahr? Tats\u00e4chlich j\u00e4hrt sich 2014 der Start der SLP-Cup-Saison im Highway Star zum siebten Mal &#8211; und aller Voraussicht nach d\u00fcrfen wir uns wieder auf h\u00f6chst spannende Rennen freuen! Die Anmeldezahlen haben sich seit 2012 auf hohem &hellip; <a href=\"https:\/\/slpcup.gt132.de\/?p=441\">Weiterlesen <span class=\"meta-nav\">&rarr;<\/span><\/a><\/p>\n","protected":false},"author":2,"featured_media":0,"comment_status":"open","ping_status":"open","sticky":false,"template":"","format":"standard","meta":{"footnotes":""},"categories":[7],"tags":[],"class_list":["post-441","post","type-post","status-publish","format-standard","hentry","category-slp-cup"],"aioseo_notices":[],"_links":{"self":[{"href":"https:\/\/slpcup.gt132.de\/index.php?rest_route=\/wp\/v2\/posts\/441","targetHints":{"allow":["GET"]}}],"collection":[{"href":"https:\/\/slpcup.gt132.de\/index.php?rest_route=\/wp\/v2\/posts"}],"about":[{"href":"https:\/\/slpcup.gt132.de\/index.php?rest_route=\/wp\/v2\/types\/post"}],"author":[{"embeddable":true,"href":"https:\/\/slpcup.gt132.de\/index.php?rest_route=\/wp\/v2\/users\/2"}],"replies":[{"embeddable":true,"href":"https:\/\/slpcup.gt132.de\/index.php?rest_route=%2Fwp%2Fv2%2Fcomments&post=441"}],"version-history":[{"count":2,"href":"https:\/\/slpcup.gt132.de\/index.php?rest_route=\/wp\/v2\/posts\/441\/revisions"}],"predecessor-version":[{"id":443,"href":"https:\/\/slpcup.gt132.de\/index.php?rest_route=\/wp\/v2\/posts\/441\/revisions\/443"}],"wp:attachment":[{"href":"https:\/\/slpcup.gt132.de\/index.php?rest_route=%2Fwp%2Fv2%2Fmedia&parent=441"}],"wp:term":[{"taxonomy":"category","embeddable":true,"href":"https:\/\/slpcup.gt132.de\/index.php?rest_route=%2Fwp%2Fv2%2Fcategories&post=441"},{"taxonomy":"post_tag","embeddable":true,"href":"https:\/\/slpcup.gt132.de\/index.php?rest_route=%2Fwp%2Fv2%2Ftags&post=441"}],"curies":[{"name":"wp","href":"https:\/\/api.w.org\/{rel}","templated":true}]}}