{"id":2503,"date":"2025-05-02T23:13:56","date_gmt":"2025-05-02T21:13:56","guid":{"rendered":"https:\/\/slpcup.gt132.de\/?p=2503"},"modified":"2025-11-10T00:46:05","modified_gmt":"2025-11-09T23:46:05","slug":"uwe-s-ohne-und-ausser-konkurrenz","status":"publish","type":"post","link":"https:\/\/slpcup.gt132.de\/?p=2503","title":{"rendered":"Uwe S. ohne (und au\u00dfer) Konkurrenz"},"content":{"rendered":"\n<p>Finale Scaleauto GT3-Cup 2024.25 in Schwieberdingen am 22.03.25<\/p>\n\n\n\n<p>Durch Arbeit, Krankheit und Urlaub kamen 14 Starter zum Saisonfinale \u2013 das bedeutete Minusrekord f\u00fcr die Saison. Die Serienwertung war entschieden, Uwe hatte durch drei Siege bereits alles klar gemacht. Um P2 rangelten sich noch Wolfgang, Jules, Hans und Philipp. Uwe gab dieses Mal den Testfahrer und ging mit einem 991 GT3 mit dem heckgefederten Vorserien-RC3-Chassis an den Start.<\/p>\n\n\n\n<figure class=\"wp-block-gallery has-nested-images columns-default is-cropped wp-block-gallery-1 is-layout-flex wp-block-gallery-is-layout-flex\">\n<figure class=\"wp-block-image size-large\"><img loading=\"lazy\" decoding=\"async\" width=\"1024\" height=\"576\" data-id=\"2514\" src=\"https:\/\/slpcup.gt132.de\/wp-content\/uploads\/202503GT3SCD0002-1024x576.png\" alt=\"\" class=\"wp-image-2514\" srcset=\"https:\/\/slpcup.gt132.de\/wp-content\/uploads\/202503GT3SCD0002-1024x576.png 1024w, https:\/\/slpcup.gt132.de\/wp-content\/uploads\/202503GT3SCD0002-300x169.png 300w, https:\/\/slpcup.gt132.de\/wp-content\/uploads\/202503GT3SCD0002-768x432.png 768w, https:\/\/slpcup.gt132.de\/wp-content\/uploads\/202503GT3SCD0002-500x281.png 500w, https:\/\/slpcup.gt132.de\/wp-content\/uploads\/202503GT3SCD0002.png 1408w\" sizes=\"auto, (max-width: 1024px) 100vw, 1024px\" \/><\/figure>\n\n\n\n<figure class=\"wp-block-image size-large\"><img loading=\"lazy\" decoding=\"async\" width=\"1024\" height=\"576\" data-id=\"2513\" src=\"https:\/\/slpcup.gt132.de\/wp-content\/uploads\/202503GT3SCD0004-1024x576.png\" alt=\"\" class=\"wp-image-2513\" srcset=\"https:\/\/slpcup.gt132.de\/wp-content\/uploads\/202503GT3SCD0004-1024x576.png 1024w, https:\/\/slpcup.gt132.de\/wp-content\/uploads\/202503GT3SCD0004-300x169.png 300w, https:\/\/slpcup.gt132.de\/wp-content\/uploads\/202503GT3SCD0004-768x432.png 768w, https:\/\/slpcup.gt132.de\/wp-content\/uploads\/202503GT3SCD0004-500x281.png 500w, https:\/\/slpcup.gt132.de\/wp-content\/uploads\/202503GT3SCD0004.png 1408w\" sizes=\"auto, (max-width: 1024px) 100vw, 1024px\" \/><\/figure>\n\n\n\n<figure class=\"wp-block-image size-large\"><img loading=\"lazy\" decoding=\"async\" width=\"1024\" height=\"576\" data-id=\"2510\" src=\"https:\/\/slpcup.gt132.de\/wp-content\/uploads\/202503GT3SCD0008-1024x576.png\" alt=\"\" class=\"wp-image-2510\" srcset=\"https:\/\/slpcup.gt132.de\/wp-content\/uploads\/202503GT3SCD0008-1024x576.png 1024w, https:\/\/slpcup.gt132.de\/wp-content\/uploads\/202503GT3SCD0008-300x169.png 300w, https:\/\/slpcup.gt132.de\/wp-content\/uploads\/202503GT3SCD0008-768x432.png 768w, https:\/\/slpcup.gt132.de\/wp-content\/uploads\/202503GT3SCD0008-500x281.png 500w, https:\/\/slpcup.gt132.de\/wp-content\/uploads\/202503GT3SCD0008.png 1289w\" sizes=\"auto, (max-width: 1024px) 100vw, 1024px\" \/><\/figure>\n\n\n\n<figure class=\"wp-block-image size-large\"><img loading=\"lazy\" decoding=\"async\" width=\"1024\" height=\"576\" data-id=\"2511\" src=\"https:\/\/slpcup.gt132.de\/wp-content\/uploads\/202503GT3SCD0011-1024x576.png\" alt=\"\" class=\"wp-image-2511\" srcset=\"https:\/\/slpcup.gt132.de\/wp-content\/uploads\/202503GT3SCD0011-1024x576.png 1024w, https:\/\/slpcup.gt132.de\/wp-content\/uploads\/202503GT3SCD0011-300x169.png 300w, https:\/\/slpcup.gt132.de\/wp-content\/uploads\/202503GT3SCD0011-768x432.png 768w, https:\/\/slpcup.gt132.de\/wp-content\/uploads\/202503GT3SCD0011-500x281.png 500w, https:\/\/slpcup.gt132.de\/wp-content\/uploads\/202503GT3SCD0011.png 1258w\" sizes=\"auto, (max-width: 1024px) 100vw, 1024px\" \/><\/figure>\n\n\n\n<figure class=\"wp-block-image size-large\"><img loading=\"lazy\" decoding=\"async\" width=\"1024\" height=\"576\" data-id=\"2515\" src=\"https:\/\/slpcup.gt132.de\/wp-content\/uploads\/202503GT3SCD0013-1-1024x576.png\" alt=\"\" class=\"wp-image-2515\" srcset=\"https:\/\/slpcup.gt132.de\/wp-content\/uploads\/202503GT3SCD0013-1-1024x576.png 1024w, https:\/\/slpcup.gt132.de\/wp-content\/uploads\/202503GT3SCD0013-1-300x169.png 300w, https:\/\/slpcup.gt132.de\/wp-content\/uploads\/202503GT3SCD0013-1-768x432.png 768w, https:\/\/slpcup.gt132.de\/wp-content\/uploads\/202503GT3SCD0013-1-500x281.png 500w, https:\/\/slpcup.gt132.de\/wp-content\/uploads\/202503GT3SCD0013-1.png 1385w\" sizes=\"auto, (max-width: 1024px) 100vw, 1024px\" \/><\/figure>\n\n\n\n<figure class=\"wp-block-image size-large\"><img loading=\"lazy\" decoding=\"async\" width=\"1024\" height=\"576\" data-id=\"2512\" src=\"https:\/\/slpcup.gt132.de\/wp-content\/uploads\/202503GT3SCD0017-1-1024x576.png\" alt=\"\" class=\"wp-image-2512\" srcset=\"https:\/\/slpcup.gt132.de\/wp-content\/uploads\/202503GT3SCD0017-1-1024x576.png 1024w, https:\/\/slpcup.gt132.de\/wp-content\/uploads\/202503GT3SCD0017-1-300x169.png 300w, https:\/\/slpcup.gt132.de\/wp-content\/uploads\/202503GT3SCD0017-1-768x432.png 768w, https:\/\/slpcup.gt132.de\/wp-content\/uploads\/202503GT3SCD0017-1-500x281.png 500w, https:\/\/slpcup.gt132.de\/wp-content\/uploads\/202503GT3SCD0017-1.png 1047w\" sizes=\"auto, (max-width: 1024px) 100vw, 1024px\" \/><\/figure>\n<\/figure>\n\n\n\n<!--more-->\n\n\n\n<p>\u00dcberraschung in der Qualifikation. Die Pole ging an Wolfgang vor Vater und Sohn Sperber, erst dahinter die Schwieberdinger Heimascaris Philipp und Jules, allerdings alle f\u00fcnf innerhalb von 1 \u00bd Zehntelsekunden.<\/p>\n\n\n\n<div class=\"wp-block-group\"><div class=\"wp-block-group__inner-container is-layout-constrained wp-block-group-is-layout-constrained\">\n<div class=\"wp-block-group\"><div class=\"wp-block-group__inner-container is-layout-constrained wp-block-group-is-layout-constrained\">\n<div class=\"wp-block-columns is-layout-flex wp-container-core-columns-is-layout-9d6595d7 wp-block-columns-is-layout-flex\">\n<div class=\"wp-block-column is-layout-flow wp-block-column-is-layout-flow\" style=\"flex-basis:100%\">\n<figure class=\"wp-block-table is-style-stripes has-small-font-size\"><table><tbody><tr><td colspan=\"5\"><strong>Qualifikation<\/strong><\/td><\/tr><tr><td><strong>Rang<\/strong><\/td><td><strong>Fahrer<\/strong><\/td><td>Fahrzeug<\/td><td>Chassis<\/td><td class=\"has-text-align-right\" data-align=\"right\"><strong>Bestzeit<\/strong><\/td><\/tr><tr><td>1<\/td><td>Wolfgang Krech<\/td><td>Z4 GT3<\/td><td>SC8003 RC2<\/td><td class=\"has-text-align-right\" data-align=\"right\">7,966<\/td><\/tr><tr><td>2<\/td><td>Uwe Sperber<\/td><td>991 GT3<\/td><td>SC8003 RC3<\/td><td class=\"has-text-align-right\" data-align=\"right\">7,991<\/td><\/tr><tr><td>3<\/td><td>Hans Sperber<\/td><td>A7R<\/td><td>SC8003 RC2<\/td><td class=\"has-text-align-right\" data-align=\"right\">8,039<\/td><\/tr><tr><td>4<\/td><td>Philipp Neuwirth<\/td><td>R8 LMS Evo<\/td><td>SC8003 RC2<\/td><td class=\"has-text-align-right\" data-align=\"right\">8,054<\/td><\/tr><tr><td>5<\/td><td>Jules Brommer<\/td><td>R8 LMS<\/td><td>SC8003 RC2<\/td><td class=\"has-text-align-right\" data-align=\"right\">8,128<\/td><\/tr><tr><td>6<\/td><td>Helmut Reinsch\u00fcssel<\/td><td>A7R<\/td><td>SC8003 RC2<\/td><td class=\"has-text-align-right\" data-align=\"right\">8,233<\/td><\/tr><tr><td>7<\/td><td>Thilo Alber<\/td><td>SRT GTSR<\/td><td>SC8003 RC2<\/td><td class=\"has-text-align-right\" data-align=\"right\">8,248<\/td><\/tr><tr><td>8<\/td><td>Rainer Kimmerle<\/td><td>991 GT3<\/td><td>SC8003 RC2<\/td><td class=\"has-text-align-right\" data-align=\"right\">8,273<\/td><\/tr><tr><td>9<\/td><td>Frank W\u00fcrstlin<\/td><td>A7R<\/td><td>SC8003 RC2<\/td><td class=\"has-text-align-right\" data-align=\"right\">8,284<\/td><\/tr><tr><td>10<\/td><td>Ralf Mierau<\/td><td>R8 LMS<\/td><td>SC8003 RC2<\/td><td class=\"has-text-align-right\" data-align=\"right\">8,425<\/td><\/tr><tr><td>11<\/td><td>J\u00fcrgen Schnaus<\/td><td>SRT GTSR<\/td><td>SC8003 RC2<\/td><td class=\"has-text-align-right\" data-align=\"right\">8,430<\/td><\/tr><tr><td>12<\/td><td>Markus Menchen<\/td><td>R8 LMS<\/td><td>SC8003 RC2<\/td><td class=\"has-text-align-right\" data-align=\"right\">8,457<\/td><\/tr><tr><td>13<\/td><td>Thomas Karle<\/td><td>997 GT3<\/td><td>SC8003 RC2<\/td><td class=\"has-text-align-right\" data-align=\"right\">8,489<\/td><\/tr><tr><td>14<\/td><td>Lutz Igiel<\/td><td>R8 LMS<\/td><td>SC8003 RC2<\/td><td class=\"has-text-align-right\" data-align=\"right\">9,108<\/td><\/tr><\/tbody><\/table><\/figure>\n<\/div>\n<\/div>\n<\/div><\/div>\n<\/div><\/div>\n\n\n\n<p>An der Spitze setzte sich gleich Uwe vom Rest ab, dahinter stritten sich Jules und Wolfgang \u00fcber 60 Minuten um Platz 2 w\u00e4hrend Philipp anf\u00e4nglich mit dem Grip auf Spur 4 haderte; seine Aufholjagd kam letztlich zu sp\u00e4t f\u00fcr eine Podiumsplatzierung. Stark unterwegs waren Frank, der sich von P9 auf P5 vorschob und Rainer, der mit einer starken Rennleistung Thilo, J\u00fcrgen und Ralf knapp hinter sich halten konnte.<\/p>\n\n\n\n<div class=\"wp-block-group\"><div class=\"wp-block-group__inner-container is-layout-constrained wp-block-group-is-layout-constrained\">\n<div class=\"wp-block-columns is-layout-flex wp-container-core-columns-is-layout-9d6595d7 wp-block-columns-is-layout-flex\">\n<div class=\"wp-block-column is-layout-flow wp-block-column-is-layout-flow\" style=\"flex-basis:100%\">\n<figure class=\"wp-block-table is-style-stripes\" style=\"font-size:12px\"><table><tbody><tr><td colspan=\"10\"><strong>Rennergebnis nach 5 x 12:00 Minuten<\/strong><\/td><\/tr><tr><td><strong>Rang<\/strong><\/td><td><strong>Fahrer<\/strong><\/td><td class=\"has-text-align-left\" data-align=\"left\">Fahrzeug<\/td><td>Chassis<\/td><td class=\"has-text-align-right\" data-align=\"right\"><strong>Ergebnis<\/strong><\/td><td class=\"has-text-align-right\" data-align=\"right\"><strong>zum Ersten<\/strong><\/td><\/tr><tr><td>1<\/td><td>Uwe Sperber<\/td><td class=\"has-text-align-left\" data-align=\"left\">991 GT3<\/td><td><strong>SC8003 RC3<\/strong><\/td><td class=\"has-text-align-right\" data-align=\"right\">452,06<\/td><td class=\"has-text-align-right\" data-align=\"right\"><\/td><\/tr><tr><td>2<\/td><td>Jules Brommer<\/td><td class=\"has-text-align-left\" data-align=\"left\">R8 LMS<\/td><td>SC8003 RC2<\/td><td class=\"has-text-align-right\" data-align=\"right\">447,12<\/td><td class=\"has-text-align-right\" data-align=\"right\">-4,94<\/td><\/tr><tr><td>3<\/td><td>Wolfgang Krech<\/td><td class=\"has-text-align-left\" data-align=\"left\">Z4 GT3<\/td><td>SC8003 RC2<\/td><td class=\"has-text-align-right\" data-align=\"right\">444,65<\/td><td class=\"has-text-align-right\" data-align=\"right\">-7,41<\/td><\/tr><tr><td>4<\/td><td>Philipp Neuwirth<\/td><td class=\"has-text-align-left\" data-align=\"left\">R8 LMS Evo<\/td><td>SC8003 RC2<\/td><td class=\"has-text-align-right\" data-align=\"right\">442,00<\/td><td class=\"has-text-align-right\" data-align=\"right\">-10,06<\/td><\/tr><tr><td>5<\/td><td>Frank W\u00fcrstlin<\/td><td class=\"has-text-align-left\" data-align=\"left\">A7R<\/td><td>SC8003 RC2<\/td><td class=\"has-text-align-right\" data-align=\"right\">433,52<\/td><td class=\"has-text-align-right\" data-align=\"right\">-18,54<\/td><\/tr><tr><td>6<\/td><td>Hans Sperber<\/td><td class=\"has-text-align-left\" data-align=\"left\">A7R<\/td><td>SC8003 RC2<\/td><td class=\"has-text-align-right\" data-align=\"right\">431,84<\/td><td class=\"has-text-align-right\" data-align=\"right\">-20,22<\/td><\/tr><tr><td>7<\/td><td>Helmut Reinsch\u00fcssel<\/td><td class=\"has-text-align-left\" data-align=\"left\">A7R<\/td><td>SC8003 RC2<\/td><td class=\"has-text-align-right\" data-align=\"right\">422,44<\/td><td class=\"has-text-align-right\" data-align=\"right\">-29,62<\/td><\/tr><tr><td>8<\/td><td>Rainer Kimmerle<\/td><td class=\"has-text-align-left\" data-align=\"left\">991 GT3<\/td><td>SC8003 RC2<\/td><td class=\"has-text-align-right\" data-align=\"right\">417,60<\/td><td class=\"has-text-align-right\" data-align=\"right\">-34,46<\/td><\/tr><tr><td>9<\/td><td>Thilo Alber<\/td><td class=\"has-text-align-left\" data-align=\"left\">SRT GTSR<\/td><td>SC8003 RC2<\/td><td class=\"has-text-align-right\" data-align=\"right\">416,16<\/td><td class=\"has-text-align-right\" data-align=\"right\">-35,90<\/td><\/tr><tr><td>10<\/td><td>J\u00fcrgen Schnaus<\/td><td class=\"has-text-align-left\" data-align=\"left\">SRT GTSR<\/td><td>SC8003 RC2<\/td><td class=\"has-text-align-right\" data-align=\"right\">414,31<\/td><td class=\"has-text-align-right\" data-align=\"right\">-37,75<\/td><\/tr><tr><td>11<\/td><td>Ralf Mierau<\/td><td class=\"has-text-align-left\" data-align=\"left\">R8 LMS<\/td><td>SC8003 RC2<\/td><td class=\"has-text-align-right\" data-align=\"right\">413,52<\/td><td class=\"has-text-align-right\" data-align=\"right\">-38,54<\/td><\/tr><tr><td>12<\/td><td>Thomas Karle<\/td><td class=\"has-text-align-left\" data-align=\"left\">997 GT3<\/td><td>SC8003 RC2<\/td><td class=\"has-text-align-right\" data-align=\"right\">407,53<\/td><td class=\"has-text-align-right\" data-align=\"right\">-44,53<\/td><\/tr><tr><td>13<\/td><td>Markus Menchen<\/td><td class=\"has-text-align-left\" data-align=\"left\">R8 LMS<\/td><td>SC8003 RC2<\/td><td class=\"has-text-align-right\" data-align=\"right\">362,61<\/td><td class=\"has-text-align-right\" data-align=\"right\">-89,45<\/td><\/tr><tr><td>14<\/td><td>Lutz Igiel<\/td><td class=\"has-text-align-left\" data-align=\"left\">R8 LMS<\/td><td>SC8003 RC2<\/td><td class=\"has-text-align-right\" data-align=\"right\">335,24<\/td><td class=\"has-text-align-right\" data-align=\"right\">-116,82<\/td><\/tr><\/tbody><\/table><\/figure>\n<\/div>\n<\/div>\n<\/div><\/div>\n\n\n\n<p>Das Endergebnis, mit f\u00fcnf verschiedenen Fahrzeugen in den Top-5 (\u2192 <a href=\"https:\/\/slpcup.gt132.de\/wp-content\/uploads\/WallOfFame.pdf\" target=\"_blank\" rel=\"noopener\" title=\"\">zur wall-of-fame<\/a>):<\/p>\n\n\n\n<p>Uwe meinte nach dem Rennen, dass er mit seinem angestammten R8 LMS wohl mehr Runden gefahren w\u00e4re, bezeichnete das RC3-Fahrwerk aber als vielversprechend, vor Allem f\u00fcr weniger ge\u00fcbte Fahrer.<\/p>\n\n\n\n<p>Nach Abzug des Streichresultats Belegten Uwe, Wolfgang und Jules die Podiumspl\u00e4tze in der Serienwertung. Die Punktest\u00e4nde und die weiteren Platzierten gibt es hier -&gt; <a href=\"https:\/\/slpcup.gt132.de\/?page_id=2478\" target=\"_blank\" rel=\"noopener\" title=\"\">zum Punktestand.<\/a><\/p>\n","protected":false},"excerpt":{"rendered":"<p>Finale Scaleauto GT3-Cup 2024.25 in Schwieberdingen am 22.03.25 Durch Arbeit, Krankheit und Urlaub kamen 14 Starter zum Saisonfinale \u2013 das bedeutete Minusrekord f\u00fcr die Saison. Die Serienwertung war entschieden, Uwe hatte durch drei Siege bereits alles klar gemacht. Um P2 &hellip; <a href=\"https:\/\/slpcup.gt132.de\/?p=2503\">Weiterlesen <span class=\"meta-nav\">&rarr;<\/span><\/a><\/p>\n","protected":false},"author":5,"featured_media":0,"comment_status":"closed","ping_status":"open","sticky":false,"template":"","format":"standard","meta":{"footnotes":""},"categories":[32],"tags":[],"class_list":["post-2503","post","type-post","status-publish","format-standard","hentry","category-scaleauto-gt3"],"aioseo_notices":[],"_links":{"self":[{"href":"https:\/\/slpcup.gt132.de\/index.php?rest_route=\/wp\/v2\/posts\/2503","targetHints":{"allow":["GET"]}}],"collection":[{"href":"https:\/\/slpcup.gt132.de\/index.php?rest_route=\/wp\/v2\/posts"}],"about":[{"href":"https:\/\/slpcup.gt132.de\/index.php?rest_route=\/wp\/v2\/types\/post"}],"author":[{"embeddable":true,"href":"https:\/\/slpcup.gt132.de\/index.php?rest_route=\/wp\/v2\/users\/5"}],"replies":[{"embeddable":true,"href":"https:\/\/slpcup.gt132.de\/index.php?rest_route=%2Fwp%2Fv2%2Fcomments&post=2503"}],"version-history":[{"count":13,"href":"https:\/\/slpcup.gt132.de\/index.php?rest_route=\/wp\/v2\/posts\/2503\/revisions"}],"predecessor-version":[{"id":2547,"href":"https:\/\/slpcup.gt132.de\/index.php?rest_route=\/wp\/v2\/posts\/2503\/revisions\/2547"}],"wp:attachment":[{"href":"https:\/\/slpcup.gt132.de\/index.php?rest_route=%2Fwp%2Fv2%2Fmedia&parent=2503"}],"wp:term":[{"taxonomy":"category","embeddable":true,"href":"https:\/\/slpcup.gt132.de\/index.php?rest_route=%2Fwp%2Fv2%2Fcategories&post=2503"},{"taxonomy":"post_tag","embeddable":true,"href":"https:\/\/slpcup.gt132.de\/index.php?rest_route=%2Fwp%2Fv2%2Ftags&post=2503"}],"curies":[{"name":"wp","href":"https:\/\/api.w.org\/{rel}","templated":true}]}}