{"id":2354,"date":"2024-08-23T22:36:09","date_gmt":"2024-08-23T20:36:09","guid":{"rendered":"https:\/\/slpcup.gt132.de\/?p=2354"},"modified":"2024-08-23T22:40:54","modified_gmt":"2024-08-23T20:40:54","slug":"slp-cup-2-lauf-am-27-04-24-in-mutterstadt","status":"publish","type":"post","link":"https:\/\/slpcup.gt132.de\/?p=2354","title":{"rendered":"SLP-Cup &#8211; 2. Lauf am 27.04.24 in Mutterstadt"},"content":{"rendered":"\n<p>Drei Startgruppen mit insgesamt 18 Startern und gro\u00dfartiger Modellrennsport bot der zweite Saison Lauf zum SLP-Cup am 27.04.2024 auf der \u201eAngststrecke\u201c in Mutterstadt. Doch der Respekt vor dem M\u00f6rdergrip auf der weitl\u00e4ufigen Bahn war unbegr\u00fcndet. Die Gripverh\u00e4ltnisse waren moderat und f\u00fcr die ausw\u00e4rtigen Teilnehmer sehr fair. Dies kam dem Rennverlauf mit wenigen Unterbrechungen in allen Gruppen sehr zu Gute.<\/p>\n\n\n\n<figure class=\"wp-block-gallery has-nested-images columns-default is-cropped wp-block-gallery-1 is-layout-flex wp-block-gallery-is-layout-flex\">\n<figure class=\"wp-block-image size-large\"><img loading=\"lazy\" decoding=\"async\" width=\"940\" height=\"529\" data-id=\"2362\" src=\"https:\/\/slpcup.gt132.de\/wp-content\/uploads\/2024SLPZIebo_11.jpg\" alt=\"\" class=\"wp-image-2362\" srcset=\"https:\/\/slpcup.gt132.de\/wp-content\/uploads\/2024SLPZIebo_11.jpg 940w, https:\/\/slpcup.gt132.de\/wp-content\/uploads\/2024SLPZIebo_11-300x169.jpg 300w, https:\/\/slpcup.gt132.de\/wp-content\/uploads\/2024SLPZIebo_11-768x432.jpg 768w, https:\/\/slpcup.gt132.de\/wp-content\/uploads\/2024SLPZIebo_11-500x281.jpg 500w\" sizes=\"auto, (max-width: 940px) 100vw, 940px\" \/><\/figure>\n\n\n\n<figure class=\"wp-block-image size-large\"><img loading=\"lazy\" decoding=\"async\" width=\"867\" height=\"488\" data-id=\"2361\" src=\"https:\/\/slpcup.gt132.de\/wp-content\/uploads\/2024SLPZIebo_10.jpg\" alt=\"\" class=\"wp-image-2361\" srcset=\"https:\/\/slpcup.gt132.de\/wp-content\/uploads\/2024SLPZIebo_10.jpg 867w, https:\/\/slpcup.gt132.de\/wp-content\/uploads\/2024SLPZIebo_10-300x169.jpg 300w, https:\/\/slpcup.gt132.de\/wp-content\/uploads\/2024SLPZIebo_10-768x432.jpg 768w, https:\/\/slpcup.gt132.de\/wp-content\/uploads\/2024SLPZIebo_10-500x281.jpg 500w\" sizes=\"auto, (max-width: 867px) 100vw, 867px\" \/><\/figure>\n\n\n\n<figure class=\"wp-block-image size-large\"><img loading=\"lazy\" decoding=\"async\" width=\"855\" height=\"481\" data-id=\"2360\" src=\"https:\/\/slpcup.gt132.de\/wp-content\/uploads\/2024SLPZIebo_9.jpg\" alt=\"\" class=\"wp-image-2360\" srcset=\"https:\/\/slpcup.gt132.de\/wp-content\/uploads\/2024SLPZIebo_9.jpg 855w, https:\/\/slpcup.gt132.de\/wp-content\/uploads\/2024SLPZIebo_9-300x169.jpg 300w, https:\/\/slpcup.gt132.de\/wp-content\/uploads\/2024SLPZIebo_9-768x432.jpg 768w, https:\/\/slpcup.gt132.de\/wp-content\/uploads\/2024SLPZIebo_9-500x281.jpg 500w\" sizes=\"auto, (max-width: 855px) 100vw, 855px\" \/><\/figure>\n\n\n\n<figure class=\"wp-block-image size-large\"><img loading=\"lazy\" decoding=\"async\" width=\"1017\" height=\"572\" data-id=\"2359\" src=\"https:\/\/slpcup.gt132.de\/wp-content\/uploads\/2024SLPZIebo_7.jpg\" alt=\"\" class=\"wp-image-2359\" srcset=\"https:\/\/slpcup.gt132.de\/wp-content\/uploads\/2024SLPZIebo_7.jpg 1017w, https:\/\/slpcup.gt132.de\/wp-content\/uploads\/2024SLPZIebo_7-300x169.jpg 300w, https:\/\/slpcup.gt132.de\/wp-content\/uploads\/2024SLPZIebo_7-768x432.jpg 768w, https:\/\/slpcup.gt132.de\/wp-content\/uploads\/2024SLPZIebo_7-500x281.jpg 500w\" sizes=\"auto, (max-width: 1017px) 100vw, 1017px\" \/><\/figure>\n<\/figure>\n\n\n\n<!--more-->\n\n\n\n<p>Die Qualifikation brachte einige \u00dcberraschungen. Weniger die Tatsache auf den Pl\u00e4tzen 1 bis 3 mit Dirk, Kai und Philipp Kremer; Robin hingegen auf Platz 5 \u00fcberraschte viele \u2013 und sich selbst. \u00dcberraschend nur in Startgruppe 2 fanden sich Jules und Philipp Neuwirth wieder, wobei bei letzterem der Verdacht aufkam im letzten Streckenabschnitt gelupft zu haben.<\/p>\n\n\n\n<p>Das Ergebnis der Qualifikation:<\/p>\n\n\n\n<div class=\"wp-block-group\"><div class=\"wp-block-group__inner-container is-layout-constrained wp-block-group-is-layout-constrained\">\n<figure class=\"wp-block-table is-style-stripes\"><table class=\"has-fixed-layout\"><tbody><tr><td><strong>Rang<\/strong><\/td><td><strong>Fahrer<\/strong><\/td><td><strong>Fahrzeug<\/strong><\/td><td><strong>Bestzeit<\/strong><\/td><\/tr><tr><td>1<\/td><td>Dirk Geiger<\/td><td>962 Geiger<\/td><td>8,768<\/td><\/tr><tr><td>2<\/td><td>Kai Matt<\/td><td>962 From A<\/td><td>8,821<\/td><\/tr><tr><td>3<\/td><td>Philipp Kremer<\/td><td>962 From A<\/td><td>8,923<\/td><\/tr><tr><td>4<\/td><td>Wolfgang Krech<\/td><td>962 Canon<\/td><td>8,98<\/td><\/tr><tr><td>5<\/td><td>Robin Back<\/td><td>962 Omron<\/td><td>9,012<\/td><\/tr><tr><td>6<\/td><td>Ingo Neumann<\/td><td>962 J\u00e4germeister<\/td><td>9,014<\/td><\/tr><tr><td>7<\/td><td>Jules Brommer<\/td><td>962 Skoal Bandit<\/td><td>9,098<\/td><\/tr><tr><td>8<\/td><td>Frank W\u00fcrstlin<\/td><td>962 Advan<\/td><td>9,147<\/td><\/tr><tr><td>9<\/td><td>Philipp Neuwirth<\/td><td>962 IMSA Bud<\/td><td>9,169<\/td><\/tr><tr><td>10<\/td><td>Christof Kremer<\/td><td>962 IMSA Miller<\/td><td>9,276<\/td><\/tr><tr><td>11<\/td><td>Patrick Seeling<\/td><td>962 Seeling<\/td><td>9,345<\/td><\/tr><tr><td>12<\/td><td>Holger Staebe<\/td><td>962 Kenwood<\/td><td>9,405<\/td><\/tr><tr><td>13<\/td><td>Jan Bambey<\/td><td>962 IMSA Bud<\/td><td>9,407<\/td><\/tr><tr><td>14<\/td><td>Thilo Alber<\/td><td>962 Hexcel<\/td><td>9,436<\/td><\/tr><tr><td>15<\/td><td>Rainer Kimmerle<\/td><td>962 IMSA Miller<\/td><td>9,593<\/td><\/tr><tr><td>16<\/td><td>Ralf Mierau<\/td><td>962 Martini<\/td><td>9,659<\/td><\/tr><tr><td>17<\/td><td>Lutz Igiel<\/td><td>962 IMSA Take Fuji<\/td><td>10,024<\/td><\/tr><tr><td>18<\/td><td>Thomas Gerling<\/td><td>962 IMSA Miller<\/td><td>10,658<\/td><\/tr><\/tbody><\/table><\/figure>\n<\/div><\/div>\n\n\n\n<p>Die Rennl\u00e4ufe verliefen erfreulich unterbrechungsfrei. So konnte sich jeder an mindestens einem Wettbewerber reiben, alle kamen auf ihre Kosten und am Ende stand weitgehend ein superenges Endergebnis fest. Ganz vorne beharkten sich Dirk und Kai \u00fcber die gesamte Renndauer\u2013 und dieses Mal hatte Kai die Nase vorne und den Sieg in der Tasche. Dahinter tobte ein einst\u00fcndiger Kampf zwischen Philipp Kremer und Wolfgang, die beide aber zugleich auf die beiden Frontrunner der mittleren Gruppe, Jules und Philipp N., achten mussten um nicht dahinter zur\u00fcckzufallen. Dahinter folgte Thilo, der in der langsamen Gruppe gestartet war und Ingo, der im Rennen nicht mehr \u00fcber den Speed aus der Qualifikation verf\u00fcgte. Wiedereinsteiger Patrick Seeling und Christof Kremer rundeten die Top-10 ab.<\/p>\n\n\n\n<p>Das Endergebnis:<\/p>\n\n\n\n<figure class=\"wp-block-table is-style-stripes\"><table class=\"has-fixed-layout\"><tbody><tr><td><strong>Rang<\/strong><\/td><td><strong>Fahrer<\/strong><\/td><td><strong>Fahrzeug<\/strong><\/td><td><strong>Runden<\/strong><\/td><td><strong>zum Ersten<\/strong><\/td><td><strong>zum N\u00e4chsten<\/strong><\/td><\/tr><tr><td>1<\/td><td>Kai Matt<\/td><td>962 From A<\/td><td>399,30<\/td><td><\/td><td><\/td><\/tr><tr><td>2<\/td><td>Dirk Geiger<\/td><td>962 Geiger<\/td><td>396,35<\/td><td>2,95<\/td><td>2,95<\/td><\/tr><tr><td>3<\/td><td>Philipp Kremer<\/td><td>962 From A<\/td><td>386,73<\/td><td>12,57<\/td><td>9,62<\/td><\/tr><tr><td>4<\/td><td>Wolfgang Krech<\/td><td>962 Canon<\/td><td>385,40<\/td><td>13,90<\/td><td>1,33<\/td><\/tr><tr><td>5<\/td><td>Jules Brommer<\/td><td>962 Skoal Bandit<\/td><td>383,41<\/td><td>15,89<\/td><td>1,99<\/td><\/tr><tr><td>6<\/td><td>Philipp Neuwirth<\/td><td>962 IMSA Bud<\/td><td>379,64<\/td><td>19,66<\/td><td>3,77<\/td><\/tr><tr><td>7<\/td><td>Thilo Alber<\/td><td>962 Hexcel<\/td><td>366,32<\/td><td>32,98<\/td><td>13,32<\/td><\/tr><tr><td>8<\/td><td>Ingo Neumann<\/td><td>962 J\u00e4germeister<\/td><td>365,50<\/td><td>33,80<\/td><td>0,82<\/td><\/tr><tr><td>9<\/td><td>Patrick Seeling<\/td><td>962 Seeling<\/td><td>359,85<\/td><td>39,45<\/td><td>5,65<\/td><\/tr><tr><td>10<\/td><td>Christof Kremer<\/td><td>962 IMSA Miller<\/td><td>359,14<\/td><td>40,16<\/td><td>0,71<\/td><\/tr><tr><td>11<\/td><td>Jan Bambey<\/td><td>962 IMSA Bud<\/td><td>358,92<\/td><td>40,38<\/td><td>0,22<\/td><\/tr><tr><td>12<\/td><td>Ralf Mierau<\/td><td>962 Martini<\/td><td>358,85<\/td><td>40,45<\/td><td>0,07<\/td><\/tr><tr><td>13<\/td><td>Frank W\u00fcrstlin<\/td><td>962 Advan<\/td><td>358,23<\/td><td>41,07<\/td><td>0,62<\/td><\/tr><tr><td>14<\/td><td>Robin Back<\/td><td>962 Omron<\/td><td>346,13<\/td><td>53,17<\/td><td>12,10<\/td><\/tr><tr><td>15<\/td><td>Rainer Kimmerle<\/td><td>962 IMSA Miller<\/td><td>345,19<\/td><td>54,11<\/td><td>0,94<\/td><\/tr><tr><td>16<\/td><td>Holger Staebe<\/td><td>962 Kenwood<\/td><td>328,20<\/td><td>71,10<\/td><td>16,99<\/td><\/tr><tr><td>17<\/td><td>Thomas Gerling<\/td><td>962 IMSA Miller<\/td><td>312,22<\/td><td>87,08<\/td><td>15,98<\/td><\/tr><tr><td>18<\/td><td>Lutz Igiel<\/td><td>962 IMSA Take Fuji<\/td><td>308,14<\/td><td>91,16<\/td><td>4,08<\/td><\/tr><\/tbody><\/table><\/figure>\n\n\n\n<p>Der n\u00e4chste Lauf findet am 13.07.24 in Schwieberdingen statt.<\/p>\n","protected":false},"excerpt":{"rendered":"<p>Drei Startgruppen mit insgesamt 18 Startern und gro\u00dfartiger Modellrennsport bot der zweite Saison Lauf zum SLP-Cup am 27.04.2024 auf der \u201eAngststrecke\u201c in Mutterstadt. Doch der Respekt vor dem M\u00f6rdergrip auf der weitl\u00e4ufigen Bahn war unbegr\u00fcndet. Die Gripverh\u00e4ltnisse waren moderat und &hellip; <a href=\"https:\/\/slpcup.gt132.de\/?p=2354\">Weiterlesen <span class=\"meta-nav\">&rarr;<\/span><\/a><\/p>\n","protected":false},"author":5,"featured_media":0,"comment_status":"closed","ping_status":"open","sticky":false,"template":"","format":"standard","meta":{"footnotes":""},"categories":[7,1],"tags":[43,36,35,46,34],"class_list":["post-2354","post","type-post","status-publish","format-standard","hentry","category-slp-cup","category-uncategorized","tag-rennbahntreff","tag-1-24","tag-chancengleich","tag-rennbahntreff-2","tag-slotracing"],"aioseo_notices":[],"_links":{"self":[{"href":"https:\/\/slpcup.gt132.de\/index.php?rest_route=\/wp\/v2\/posts\/2354","targetHints":{"allow":["GET"]}}],"collection":[{"href":"https:\/\/slpcup.gt132.de\/index.php?rest_route=\/wp\/v2\/posts"}],"about":[{"href":"https:\/\/slpcup.gt132.de\/index.php?rest_route=\/wp\/v2\/types\/post"}],"author":[{"embeddable":true,"href":"https:\/\/slpcup.gt132.de\/index.php?rest_route=\/wp\/v2\/users\/5"}],"replies":[{"embeddable":true,"href":"https:\/\/slpcup.gt132.de\/index.php?rest_route=%2Fwp%2Fv2%2Fcomments&post=2354"}],"version-history":[{"count":3,"href":"https:\/\/slpcup.gt132.de\/index.php?rest_route=\/wp\/v2\/posts\/2354\/revisions"}],"predecessor-version":[{"id":2364,"href":"https:\/\/slpcup.gt132.de\/index.php?rest_route=\/wp\/v2\/posts\/2354\/revisions\/2364"}],"wp:attachment":[{"href":"https:\/\/slpcup.gt132.de\/index.php?rest_route=%2Fwp%2Fv2%2Fmedia&parent=2354"}],"wp:term":[{"taxonomy":"category","embeddable":true,"href":"https:\/\/slpcup.gt132.de\/index.php?rest_route=%2Fwp%2Fv2%2Fcategories&post=2354"},{"taxonomy":"post_tag","embeddable":true,"href":"https:\/\/slpcup.gt132.de\/index.php?rest_route=%2Fwp%2Fv2%2Ftags&post=2354"}],"curies":[{"name":"wp","href":"https:\/\/api.w.org\/{rel}","templated":true}]}}