{"id":1525,"date":"2018-12-04T22:50:40","date_gmt":"2018-12-04T21:50:40","guid":{"rendered":"http:\/\/slpcup.gt132.de\/?p=1525"},"modified":"2018-12-05T07:25:43","modified_gmt":"2018-12-05T06:25:43","slug":"3-lauf-scaleautogt3cup-und-driverscup-am-01-12-18-in-sindelfingen","status":"publish","type":"post","link":"https:\/\/slpcup.gt132.de\/?p=1525","title":{"rendered":"3. Lauf ScaleautoGT3Cup und DriversCup am 01.12.18 in Sindelfingen"},"content":{"rendered":"<p><strong>Ein schmales Starterfeld von drei Serienteilnehmern und vier G\u00e4sten, dazu vier interessierte Newbies &#8211; fertig ist der 3. Lauf des ScaleautoGT3-Cups und der DriversCup am 01.12. in Sindelfingen.<\/strong><\/p>\n<p>Einmal Krankheit und vier mal Arbeit lauteten die Absagen f\u00fcr den dritten Lauf. Von den avisierten sechs DriversCup-Leuten kamen vier &#8211; Gl\u00fcck gehabt, eine Startgruppe. Dort trafen zwei Holzbahnneulinge, Chris und Kay, auf zwei, die die Bahn schon das ein oder andere Mal befahren hatten, Stephan und Wolle. Eine Stunde Training war wenig f\u00fcr die Novizen, zumal die 991-RSR doch anspruchsvoll zu fahren waren. Hoher Gripp, keine einstellbaren Regler &#8211; M\u00e4nnersport eben!<\/p>\n\n\t\t<style type=\"text\/css\">\n\t\t\t#gallery-1 {\n\t\t\t\tmargin: auto;\n\t\t\t}\n\t\t\t#gallery-1 .gallery-item {\n\t\t\t\tfloat: left;\n\t\t\t\tmargin-top: 10px;\n\t\t\t\ttext-align: center;\n\t\t\t\twidth: 25%;\n\t\t\t}\n\t\t\t#gallery-1 img {\n\t\t\t\tborder: 2px solid #cfcfcf;\n\t\t\t}\n\t\t\t#gallery-1 .gallery-caption {\n\t\t\t\tmargin-left: 0;\n\t\t\t}\n\t\t\t\/* see gallery_shortcode() in wp-includes\/media.php *\/\n\t\t<\/style>\n\t\t<div id='gallery-1' class='gallery galleryid-1525 gallery-columns-4 gallery-size-thumbnail'><dl class='gallery-item'>\n\t\t\t<dt class='gallery-icon landscape'>\n\t\t\t\t<a href='https:\/\/slpcup.gt132.de\/?attachment_id=1529'><img loading=\"lazy\" decoding=\"async\" width=\"150\" height=\"150\" src=\"https:\/\/slpcup.gt132.de\/wp-content\/uploads\/20181201Sifi001-150x150.jpg\" class=\"attachment-thumbnail size-thumbnail\" alt=\"\" aria-describedby=\"gallery-1-1529\" \/><\/a>\n\t\t\t<\/dt>\n\t\t\t\t<dd class='wp-caption-text gallery-caption' id='gallery-1-1529'>\n\t\t\t\tFahrer im DriversCup\n\t\t\t\t<\/dd><\/dl><dl class='gallery-item'>\n\t\t\t<dt class='gallery-icon landscape'>\n\t\t\t\t<a href='https:\/\/slpcup.gt132.de\/?attachment_id=1530'><img loading=\"lazy\" decoding=\"async\" width=\"150\" height=\"150\" src=\"https:\/\/slpcup.gt132.de\/wp-content\/uploads\/20181201Sifi012-150x150.jpg\" class=\"attachment-thumbnail size-thumbnail\" alt=\"\" aria-describedby=\"gallery-1-1530\" \/><\/a>\n\t\t\t<\/dt>\n\t\t\t\t<dd class='wp-caption-text gallery-caption' id='gallery-1-1530'>\n\t\t\t\tDriversCup-Porsche\n\t\t\t\t<\/dd><\/dl><dl class='gallery-item'>\n\t\t\t<dt class='gallery-icon landscape'>\n\t\t\t\t<a href='https:\/\/slpcup.gt132.de\/?attachment_id=1528'><img loading=\"lazy\" decoding=\"async\" width=\"150\" height=\"150\" src=\"https:\/\/slpcup.gt132.de\/wp-content\/uploads\/20181201Sifi014-150x150.jpg\" class=\"attachment-thumbnail size-thumbnail\" alt=\"\" aria-describedby=\"gallery-1-1528\" \/><\/a>\n\t\t\t<\/dt>\n\t\t\t\t<dd class='wp-caption-text gallery-caption' id='gallery-1-1528'>\n\t\t\t\tGT3Cup-Starterfeld\n\t\t\t\t<\/dd><\/dl><dl class='gallery-item'>\n\t\t\t<dt class='gallery-icon landscape'>\n\t\t\t\t<a href='https:\/\/slpcup.gt132.de\/?attachment_id=1531'><img loading=\"lazy\" decoding=\"async\" width=\"150\" height=\"150\" src=\"https:\/\/slpcup.gt132.de\/wp-content\/uploads\/20181201Sifi013-150x150.jpg\" class=\"attachment-thumbnail size-thumbnail\" alt=\"\" aria-describedby=\"gallery-1-1531\" \/><\/a>\n\t\t\t<\/dt>\n\t\t\t\t<dd class='wp-caption-text gallery-caption' id='gallery-1-1531'>\n\t\t\t\tStartaufstellung Lauf 1\n\t\t\t\t<\/dd><\/dl><br style=\"clear: both\" \/>\n\t\t<\/div>\n\n<p><!--more--><\/p>\n<p>Die Quali ging mit mehreren Zehnteln Vorsprung an Stephan vor Chris, der schnell dabei war das Limit zu suchen. Wolle hatte die richtige Einstellung &#8211; erst einmal Spass haben und Kay wollte alles vermeiden was den Autos Schaden zuf\u00fcgt. \u00dcber zwei L\u00e4ufe \u00e1 zwei Minuten pro Spur wurde gek\u00e4mpft, mit den Autos, dem Gripp und den Wettbewerben. Stephan siegte schliesslich knapp vor Chris, der als Deb\u00fctant auf Holz und in seinem ersten? Ausw\u00e4rtsrennen fast den zweiten Durchgang gewonnen h\u00e4tte. Wolle hatte Spass und bei Kay ging nichts kaputt. Also scheint alles gut gewesen zu sein.<\/p>\n<table border=\"0\" cellspacing=\"0\">\n<colgroup width=\"46\"><\/colgroup>\n<colgroup width=\"106\"><\/colgroup>\n<colgroup width=\"139\"><\/colgroup>\n<colgroup width=\"72\"><\/colgroup>\n<colgroup width=\"71\"><\/colgroup>\n<colgroup width=\"81\"><\/colgroup>\n<tbody>\n<tr>\n<td colspan=\"6\" align=\"center\" valign=\"middle\" height=\"20\">DriversCup Sindelfingen<\/td>\n<\/tr>\n<tr>\n<td align=\"left\" bgcolor=\"#CCCCCC\" height=\"20\">Rang<\/td>\n<td colspan=\"2\" align=\"left\" valign=\"middle\" bgcolor=\"#CCCCCC\">Fahrer<\/td>\n<td align=\"left\" bgcolor=\"#CCCCCC\">Lauf 1<\/td>\n<td align=\"left\" bgcolor=\"#CCCCCC\">Lauf 2<\/td>\n<td align=\"left\" bgcolor=\"#CCCCCC\">Gesamt<\/td>\n<\/tr>\n<tr>\n<td align=\"right\" height=\"20\">1<\/td>\n<td colspan=\"2\" align=\"left\" valign=\"middle\">Stephan Geyer<\/td>\n<td align=\"right\">64,85<\/td>\n<td align=\"right\">66,12<\/td>\n<td align=\"right\">130,97<\/td>\n<\/tr>\n<tr>\n<td align=\"right\" bgcolor=\"#CCCCCC\" height=\"20\">2<\/td>\n<td colspan=\"2\" align=\"left\" valign=\"middle\" bgcolor=\"#CCCCCC\">Chris J\u00f6ns<\/td>\n<td align=\"right\" bgcolor=\"#CCCCCC\">64,66<\/td>\n<td align=\"right\" bgcolor=\"#CCCCCC\">64,60<\/td>\n<td align=\"right\" bgcolor=\"#CCCCCC\">129,26<\/td>\n<\/tr>\n<tr>\n<td align=\"right\" height=\"20\">3<\/td>\n<td colspan=\"2\" align=\"left\" valign=\"middle\">Wolfgang Nogger<\/td>\n<td align=\"right\">61,65<\/td>\n<td align=\"right\">62,85<\/td>\n<td align=\"right\">124,50<\/td>\n<\/tr>\n<tr>\n<td align=\"right\" bgcolor=\"#CCCCCC\" height=\"20\">4<\/td>\n<td colspan=\"2\" align=\"left\" valign=\"middle\" bgcolor=\"#CCCCCC\">Kay von Treck<\/td>\n<td align=\"right\" bgcolor=\"#CCCCCC\">55,74<\/td>\n<td align=\"right\" bgcolor=\"#CCCCCC\">59,29<\/td>\n<td align=\"right\" bgcolor=\"#CCCCCC\">115,03<\/td>\n<\/tr>\n<\/tbody>\n<\/table>\n<p>Im Hauptrennen, dem, GT3Cup, bildeten sich schnell zwei Lager. Es wurde in einer Siebenergruppe gefahren; vorne k\u00e4mpften Rainer, Philipp und Wolfgang um den Sieg und teilten sich die Lorbeeren gerecht: Rainer siegte erneut, wie in den Vorjahren im Rennen, Philipp stand auf Pole und Wolfgang war der Einzige, der eine Runde unter 5,7 Sekunden hinbekam. Um Platz vier k\u00e4mpften Thomas K., J\u00f6rg H. und sein Sohn Robin \u00fcber 60 Minuten unter einem Handtuch. Jan hatte aufgrund der Anreise mit der Bahn kaum trainieren k\u00f6nnen und kam da auf die Distanz nicht ganz mit, auch wenn die Rundenzeiten voll konkurrenzf\u00e4hig waren. Die drei Erstplatzierten fuhren alle mit Audi R8 LMS. Ein besonderer Dank geht an Kay, der als Einsetzer beim GT3Cup-Lauf eine grosse Hilfe war. Super!<\/p>\n<table border=\"0\" cellspacing=\"0\">\n<colgroup width=\"46\"><\/colgroup>\n<colgroup width=\"106\"><\/colgroup>\n<colgroup width=\"139\"><\/colgroup>\n<colgroup width=\"72\"><\/colgroup>\n<colgroup width=\"71\"><\/colgroup>\n<colgroup width=\"81\"><\/colgroup>\n<tbody>\n<tr>\n<td colspan=\"6\" align=\"center\" bgcolor=\"#FFFFFF\" height=\"17\"><b>Rennergebnis nach 4 x 15 Minuten<\/b><\/td>\n<\/tr>\n<tr>\n<td align=\"right\" bgcolor=\"#CCCCCC\" height=\"20\"><b>Rang<\/b><\/td>\n<td align=\"left\" bgcolor=\"#CCCCCC\"><b>Fahrer<\/b><\/td>\n<td align=\"left\" bgcolor=\"#CCCCCC\"><\/td>\n<td align=\"left\" bgcolor=\"#CCCCCC\"><b>Runden<\/b><\/td>\n<td align=\"left\" bgcolor=\"#CCCCCC\"><b>zum Ersten<\/b><\/td>\n<td align=\"left\" bgcolor=\"#CCCCCC\"><b>zum N\u00e4chsten<\/b><\/td>\n<\/tr>\n<tr>\n<td align=\"right\" bgcolor=\"#FFFFFF\" height=\"20\">1<\/td>\n<td align=\"left\" bgcolor=\"#FFFFFF\">Rainer Baudach<\/td>\n<td align=\"left\" bgcolor=\"#FFFFFF\">Audi R8 LMS<\/td>\n<td align=\"right\" bgcolor=\"#FFFFFF\">600,56<\/td>\n<td align=\"left\" bgcolor=\"#FFFFFF\"><\/td>\n<td align=\"left\" bgcolor=\"#FFFFFF\"><\/td>\n<\/tr>\n<tr>\n<td align=\"right\" bgcolor=\"#CCCCCC\" height=\"20\">2<\/td>\n<td align=\"left\" bgcolor=\"#CCCCCC\">Philipp Neuwirth<\/td>\n<td align=\"left\" bgcolor=\"#CCCCCC\">Audi R8 LMS<\/td>\n<td align=\"right\" bgcolor=\"#CCCCCC\">596,47<\/td>\n<td align=\"right\" bgcolor=\"#CCCCCC\">-4,09<\/td>\n<td align=\"right\" bgcolor=\"#CCCCCC\">-4,09<\/td>\n<\/tr>\n<tr>\n<td align=\"right\" bgcolor=\"#FFFFFF\" height=\"20\">3<\/td>\n<td align=\"left\" bgcolor=\"#FFFFFF\">Wolfgang Krech<\/td>\n<td align=\"left\" bgcolor=\"#FFFFFF\">Audi R8 LMS<\/td>\n<td align=\"right\" bgcolor=\"#FFFFFF\">593,75<\/td>\n<td align=\"right\" bgcolor=\"#FFFFFF\">-6,81<\/td>\n<td align=\"right\" bgcolor=\"#FFFFFF\">-2,72<\/td>\n<\/tr>\n<tr>\n<td align=\"right\" bgcolor=\"#CCCCCC\" height=\"20\">4<\/td>\n<td align=\"left\" bgcolor=\"#CCCCCC\">Thomas Karle<\/td>\n<td align=\"left\" bgcolor=\"#CCCCCC\">BMW Z4<\/td>\n<td align=\"right\" bgcolor=\"#CCCCCC\">566,98<\/td>\n<td align=\"right\" bgcolor=\"#CCCCCC\">-33,58<\/td>\n<td align=\"right\" bgcolor=\"#CCCCCC\">-26,77<\/td>\n<\/tr>\n<tr>\n<td align=\"right\" bgcolor=\"#FFFFFF\" height=\"20\">5<\/td>\n<td align=\"left\" bgcolor=\"#FFFFFF\">J\u00f6rg Hoffmann<\/td>\n<td align=\"left\" bgcolor=\"#FFFFFF\">Mercedes SLS GT3<\/td>\n<td align=\"right\" bgcolor=\"#FFFFFF\">564,66<\/td>\n<td align=\"right\" bgcolor=\"#FFFFFF\">-35,90<\/td>\n<td align=\"right\" bgcolor=\"#FFFFFF\">-2,32<\/td>\n<\/tr>\n<tr>\n<td align=\"right\" bgcolor=\"#CCCCCC\" height=\"20\">6<\/td>\n<td align=\"left\" bgcolor=\"#CCCCCC\">Robin Hoffmann<\/td>\n<td align=\"left\" bgcolor=\"#CCCCCC\">BMW Z4<\/td>\n<td align=\"right\" bgcolor=\"#CCCCCC\">562,88<\/td>\n<td align=\"right\" bgcolor=\"#CCCCCC\">-37,68<\/td>\n<td align=\"right\" bgcolor=\"#CCCCCC\">-1,78<\/td>\n<\/tr>\n<tr>\n<td align=\"right\" bgcolor=\"#FFFFFF\" height=\"20\">7<\/td>\n<td align=\"left\" bgcolor=\"#FFFFFF\">Jan Bambey<\/td>\n<td align=\"left\" bgcolor=\"#FFFFFF\">Audi R8 LMS<\/td>\n<td align=\"right\" bgcolor=\"#FFFFFF\">540,25<\/td>\n<td align=\"right\" bgcolor=\"#FFFFFF\">-60,31<\/td>\n<td align=\"right\" bgcolor=\"#FFFFFF\">-22,63<\/td>\n<\/tr>\n<\/tbody>\n<\/table>\n<p>Vor dem letzten Lauf in Schwieberdingen am 09.02.19 f\u00fchrt Wolfgang in der Serienwertung vor Jan und Oliver. Dort wird es auch wieder einen DriversCup geben.<\/p>\n","protected":false},"excerpt":{"rendered":"<p>Ein schmales Starterfeld von drei Serienteilnehmern und vier G\u00e4sten, dazu vier interessierte Newbies &#8211; fertig ist der 3. Lauf des ScaleautoGT3-Cups und der DriversCup am 01.12. in Sindelfingen. Einmal Krankheit und vier mal Arbeit lauteten die Absagen f\u00fcr den dritten &hellip; <a href=\"https:\/\/slpcup.gt132.de\/?p=1525\">Weiterlesen <span class=\"meta-nav\">&rarr;<\/span><\/a><\/p>\n","protected":false},"author":5,"featured_media":0,"comment_status":"closed","ping_status":"open","sticky":false,"template":"","format":"standard","meta":{"footnotes":""},"categories":[26],"tags":[],"class_list":["post-1525","post","type-post","status-publish","format-standard","hentry","category-gt3"],"aioseo_notices":[],"_links":{"self":[{"href":"https:\/\/slpcup.gt132.de\/index.php?rest_route=\/wp\/v2\/posts\/1525","targetHints":{"allow":["GET"]}}],"collection":[{"href":"https:\/\/slpcup.gt132.de\/index.php?rest_route=\/wp\/v2\/posts"}],"about":[{"href":"https:\/\/slpcup.gt132.de\/index.php?rest_route=\/wp\/v2\/types\/post"}],"author":[{"embeddable":true,"href":"https:\/\/slpcup.gt132.de\/index.php?rest_route=\/wp\/v2\/users\/5"}],"replies":[{"embeddable":true,"href":"https:\/\/slpcup.gt132.de\/index.php?rest_route=%2Fwp%2Fv2%2Fcomments&post=1525"}],"version-history":[{"count":6,"href":"https:\/\/slpcup.gt132.de\/index.php?rest_route=\/wp\/v2\/posts\/1525\/revisions"}],"predecessor-version":[{"id":1548,"href":"https:\/\/slpcup.gt132.de\/index.php?rest_route=\/wp\/v2\/posts\/1525\/revisions\/1548"}],"wp:attachment":[{"href":"https:\/\/slpcup.gt132.de\/index.php?rest_route=%2Fwp%2Fv2%2Fmedia&parent=1525"}],"wp:term":[{"taxonomy":"category","embeddable":true,"href":"https:\/\/slpcup.gt132.de\/index.php?rest_route=%2Fwp%2Fv2%2Fcategories&post=1525"},{"taxonomy":"post_tag","embeddable":true,"href":"https:\/\/slpcup.gt132.de\/index.php?rest_route=%2Fwp%2Fv2%2Ftags&post=1525"}],"curies":[{"name":"wp","href":"https:\/\/api.w.org\/{rel}","templated":true}]}}